{"id":193,"date":"2018-09-01T16:33:00","date_gmt":"2018-09-01T14:33:00","guid":{"rendered":"http:\/\/www.oliver-ilan-schulz.de\/?p=193"},"modified":"2021-01-06T23:33:24","modified_gmt":"2021-01-06T22:33:24","slug":"herbst-2018-drei-neuerscheinungen","status":"publish","type":"post","link":"https:\/\/www.oliver-ilan-schulz.de\/?p=193","title":{"rendered":"Herbst 2018: Drei Neuerscheinungen"},"content":{"rendered":"\n<figure class=\"wp-block-image size-large\"><img loading=\"lazy\" decoding=\"async\" width=\"640\" height=\"363\" src=\"http:\/\/www.oliver-ilan-schulz.de-content\/uploads\/2021\/01\/2018_neuErsch.jpg\" alt=\"\" class=\"wp-image-194\" srcset=\"https:\/\/www.oliver-ilan-schulz.de\/wp-content\/uploads\/2021\/01\/2018_neuErsch.jpg 640w, https:\/\/www.oliver-ilan-schulz.de\/wp-content\/uploads\/2021\/01\/2018_neuErsch-300x170.jpg 300w\" sizes=\"auto, (max-width: 640px) 100vw, 640px\" \/><\/figure>\n\n\n\n<h3 class=\"wp-block-heading\">\u201cErwachen im 21. Jahrhundert\u201d, \u201cUnsere kleine H\u00f6hle\u201d und \u201cDas bessere Leben\u201d<\/h3>\n\n\n\n<p>Kein B\u00fccherherbst vergeht, ohne dass ich \u2013 in bescheidenem Ausma\u00df \u2013 meine Finger im Spiel habe.<\/p>\n\n\n\n<p>In Sachen Lektorat ist mir J\u00fcrg Halter als Autor treu geblieben. Wir arbeiteten&nbsp; im Sommer intensiv an seinem ersten Roman <a href=\"https:\/\/www.zytglogge.ch\/erwachen-im-21.-jahrhunder-juerg-halter\" data-type=\"URL\" data-id=\"https:\/\/www.zytglogge.ch\/erwachen-im-21.-jahrhunder-juerg-halter\" target=\"_blank\" rel=\"noreferrer noopener\">\u201cErwachen im 21. Jahrhundert\u201d<\/a>. Protagonist Kaspar stellt in der letzten Nacht vor einem Neuanfang sein bisheriges Leben&nbsp; (und eigentlich die ganze Welt) auf den Pr\u00fcfstand. \u201cEin Trip\u201d (J\u00fcrg Halter) \u2013 und eine Herausforderung f\u00fcr Autor und Lektor. Die wir nach <a rel=\"noreferrer noopener\" href=\"http:\/\/www.juerghalter.com\/publikationen\/\" target=\"_blank\">Meinung diverser Medien<\/a> gut bew\u00e4ltigt haben. Treu geblieben als Forum f\u00fcr Lob ist mir jedenfalls der SFR Literaturclub: Roger de Weck hatte anno 2009 in der Sendung meine \u00dcbersetzungsarbeit gepriesen, nun bescheinigte Soziologe und Schweizer Nestbeschmutzerikone Jean Ziegler dort Halters Roman ein <a rel=\"noreferrer noopener\" href=\"https:\/\/www.youtube.com\/watch?v=WtJiKlVQfSQ\" target=\"_blank\">\u201cgutes Lektorat\u201d<\/a>. Mein ehrlicher Dank geht an Genosse Ziegler!<\/p>\n\n\n\n<p><a href=\"https:\/\/www.diogenes.ch\/leser\/titel\/celine-claire-qin-leng\/unsere-kleine-hoehle-illustriert-von-qin-leng-9783257012330.html\" target=\"_blank\" rel=\"noreferrer noopener\">\u201cUnsere kleine H\u00f6hle\u201d<\/a> war ein weiterer \u00dcbersetzungsauftrag aus dem Diogenes Verlag. In dem Kinderbuch machen ein kleiner Fuchs und ein kleiner B\u00e4r den ersten Schritt, um anderen zu helfen. Ein Pl\u00e4doyer f\u00fcr eine offene Gesellschaft.<\/p>\n\n\n\n<p>Das Essay \u201cUnd wenn Zeit \u2013 endlich nicht mehr Geld w\u00e4re?\u201d der Schweizer Schriftstellerin Catherine Lovey in dem Buch <a href=\"https:\/\/www.essaisagites.ch\/Book\/4\/Das_bessere_Leben\" data-type=\"URL\" data-id=\"https:\/\/www.essaisagites.ch\/Book\/4\/Das_bessere_Leben\">\u201cDas bessere Leben\u201d<\/a> ist ein gro\u00dfer Rundumschlag. Die Autorin thematisiert das Verh\u00e4ltnis von Zeit und Geld, Lohngerechtigkeit zwischen M\u00e4nnern und Frauen und regt eine gemeinn\u00fctzige Kryptow\u00e4hrung an. F\u00fcr mich als \u00dcbersetzer galt es vor allem den mitrei\u00dfenden Charakter dieser flammenden Rede zu erhalten.<\/p>\n","protected":false},"excerpt":{"rendered":"<p>\u201cErwachen im 21. Jahrhundert\u201d, \u201cUnsere kleine H\u00f6hle\u201d und \u201cDas bessere Leben\u201d Kein B\u00fccherherbst vergeht, ohne dass ich \u2013 in bescheidenem Ausma\u00df \u2013 meine Finger im Spiel habe. In Sachen Lektorat ist mir J\u00fcrg Halter als Autor treu geblieben. Wir arbeiteten&nbsp; im Sommer intensiv an seinem ersten Roman \u201cErwachen im 21. Jahrhundert\u201d. Protagonist Kaspar stellt in [&hellip;]<\/p>\n","protected":false},"author":1,"featured_media":194,"comment_status":"closed","ping_status":"","sticky":false,"template":"","format":"standard","meta":{"footnotes":""},"categories":[39],"tags":[42,43,46],"class_list":{"0":"post-193","1":"post","2":"type-post","3":"status-publish","4":"format-standard","5":"has-post-thumbnail","6":"hentry","7":"category-news","8":"tag-buchpremiere","9":"tag-lektorat","10":"tag-uebersetzer-franzoesisch-deutsch","11":"","12":"blog-left-layout","13":"blog-style-postblock","15":"blog-alt-odd"},"_links":{"self":[{"href":"https:\/\/www.oliver-ilan-schulz.de\/index.php?rest_route=\/wp\/v2\/posts\/193","targetHints":{"allow":["GET"]}}],"collection":[{"href":"https:\/\/www.oliver-ilan-schulz.de\/index.php?rest_route=\/wp\/v2\/posts"}],"about":[{"href":"https:\/\/www.oliver-ilan-schulz.de\/index.php?rest_route=\/wp\/v2\/types\/post"}],"author":[{"embeddable":true,"href":"https:\/\/www.oliver-ilan-schulz.de\/index.php?rest_route=\/wp\/v2\/users\/1"}],"replies":[{"embeddable":true,"href":"https:\/\/www.oliver-ilan-schulz.de\/index.php?rest_route=%2Fwp%2Fv2%2Fcomments&post=193"}],"version-history":[{"count":3,"href":"https:\/\/www.oliver-ilan-schulz.de\/index.php?rest_route=\/wp\/v2\/posts\/193\/revisions"}],"predecessor-version":[{"id":394,"href":"https:\/\/www.oliver-ilan-schulz.de\/index.php?rest_route=\/wp\/v2\/posts\/193\/revisions\/394"}],"wp:featuredmedia":[{"embeddable":true,"href":"https:\/\/www.oliver-ilan-schulz.de\/index.php?rest_route=\/wp\/v2\/media\/194"}],"wp:attachment":[{"href":"https:\/\/www.oliver-ilan-schulz.de\/index.php?rest_route=%2Fwp%2Fv2%2Fmedia&parent=193"}],"wp:term":[{"taxonomy":"category","embeddable":true,"href":"https:\/\/www.oliver-ilan-schulz.de\/index.php?rest_route=%2Fwp%2Fv2%2Fcategories&post=193"},{"taxonomy":"post_tag","embeddable":true,"href":"https:\/\/www.oliver-ilan-schulz.de\/index.php?rest_route=%2Fwp%2Fv2%2Ftags&post=193"}],"curies":[{"name":"wp","href":"https:\/\/api.w.org\/{rel}","templated":true}]}}